{"id":407,"date":"2019-02-25T22:58:21","date_gmt":"2019-02-25T22:58:21","guid":{"rendered":"http:\/\/tortiricascentroamerica.com\/parrillerostr\/?p=407"},"modified":"2019-02-25T22:58:21","modified_gmt":"2019-02-25T22:58:21","slug":"falda-de-res-en-salsa-de-vino-tinto","status":"publish","type":"post","link":"https:\/\/tortiricascentroamerica.com\/parrillerostr\/falda-de-res-en-salsa-de-vino-tinto\/","title":{"rendered":"FALDA DE RES EN SALSA  DE VINO TINTO"},"content":{"rendered":"<p><section id=\"Foto-Receta\" data-kc-fullwidth=\"content\" class=\"kc-elm kc-css-564162 kc_row\"><div class=\"kc-row-container\"><div class=\"kc-wrap-columns\"><div class=\"kc-elm kc-css-10008 kc_col-sm-12 kc_column kc_col-sm-12\"><div class=\"kc-col-container\"><div class=\"kc-elm kc-css-675997 kc_shortcode kc_single_image\">\n\n        <img src=\"https:\/\/tortiricascentroamerica.com\/parrillerostr\/wp-content\/uploads\/2019\/02\/falda-res-salsa-de-vino-parrillerostr.png\" class=\"\" alt=\"\" \/>    <\/div>\n<\/div><\/div><\/div><\/div><\/section><section id=\"Titulo-Receta\" class=\"kc-elm kc-css-75657 kc_row\"><div class=\"kc-row-container  kc-container\"><div class=\"kc-wrap-columns\"><div class=\"kc-elm kc-css-258721 kc_col-sm-12 kc_column kc_col-sm-12\"><div class=\"kc-col-container\">\n<div class=\"kc-elm kc-css-244539 kc-title-wrap \">\n\n\t<h1 class=\"kc_title\">FALDA DE RES EN <span> SALSA DE VINO TINTO<\/span><\/h1>\n<\/div>\n<\/div><\/div><\/div><\/div><\/section><section id=\"Informacion-Receta\" class=\"kc-elm kc-css-803445 kc_row\"><div class=\"kc-row-container  kc-container\"><div class=\"kc-wrap-columns\"><div class=\"kc-elm kc-css-47505 kc_col-sm-6 kc_column kc_col-sm-6\"><div class=\"kc-col-container\">\n<div class=\"kc-elm kc-css-318735 kc-title-wrap \">\n\n\t<h2 class=\"kc_title h2Ingredientes\">Ingredientes<\/h2>\n<\/div>\n<div class=\"kc-elm kc-css-222319 kc_text_block txtIngredientes\"><\/p>\n<p>-2 kilos de falda de res<\/p>\n<p><strong>Para la salsa:<br \/><\/strong>-1\/2 taza de ceboll\u00edn<br \/>-2 cdas de mantequilla fr\u00eda<br \/>-1 taza de vino tinto seco<br \/>-1 cda de mostaza en grano<\/p>\n<p>\n<\/div><\/div><\/div><div class=\"kc-elm kc-css-120248 kc_col-sm-6 kc_column kc_col-sm-6\"><div class=\"kc-col-container\">\n<div class=\"kc-elm kc-css-525219 kc-title-wrap \">\n\n\t<h2 class=\"kc_title h2Preparacion\">Preparaci\u00f3n<\/h2>\n<\/div>\n<div class=\"kc-elm kc-css-124879 kc_text_block txtPreparacion\"><\/p>\n<p><strong>Paso 1.<br \/><\/strong>Llev\u00e1 la falda a la parrilla, antes sazon\u00e1 con pimienta y sal al gusto.<\/p>\n<p><strong>Paso 2.<br \/><\/strong>Mientras est\u00e1 en proceso cocci\u00f3n, prepar\u00e1 la salsa en una olla mediana: derret\u00ed la mantequilla, a\u00f1ad\u00ed el ceboll\u00edn y cocin\u00e1 hasta que est\u00e9n transparentes.<span class=\"Apple-converted-space\">\u00a0<\/span><\/p>\n<p><strong>Paso 3.<br \/><\/strong>Incorpor\u00e1 el vino tinto y dej\u00e1 que evapore un poco.<\/p>\n<p><strong>Paso 4.<br \/><\/strong>Agreg\u00e1 los granos de mostaza y revolv\u00e9 bien.<\/p>\n<p><strong>Paso 5.<br \/><\/strong>Cuando la salsa est\u00e9 lista, servila sobre la falda y acompa\u00f1a con unas deliciosas <a href=\"https:\/\/business.facebook.com\/hashtag\/tortirica?epa=HASHTAG\">#TortiRicas<\/a>.<\/p>\n<p>\n<\/div><\/div><\/div><\/div><\/div><\/section><\/p>\n","protected":false},"excerpt":{"rendered":"","protected":false},"author":1,"featured_media":409,"comment_status":"closed","ping_status":"closed","sticky":false,"template":"","format":"standard","meta":[],"categories":[3,11],"tags":[],"_links":{"self":[{"href":"https:\/\/tortiricascentroamerica.com\/parrillerostr\/wp-json\/wp\/v2\/posts\/407"}],"collection":[{"href":"https:\/\/tortiricascentroamerica.com\/parrillerostr\/wp-json\/wp\/v2\/posts"}],"about":[{"href":"https:\/\/tortiricascentroamerica.com\/parrillerostr\/wp-json\/wp\/v2\/types\/post"}],"author":[{"embeddable":true,"href":"https:\/\/tortiricascentroamerica.com\/parrillerostr\/wp-json\/wp\/v2\/users\/1"}],"replies":[{"embeddable":true,"href":"https:\/\/tortiricascentroamerica.com\/parrillerostr\/wp-json\/wp\/v2\/comments?post=407"}],"version-history":[{"count":1,"href":"https:\/\/tortiricascentroamerica.com\/parrillerostr\/wp-json\/wp\/v2\/posts\/407\/revisions"}],"predecessor-version":[{"id":410,"href":"https:\/\/tortiricascentroamerica.com\/parrillerostr\/wp-json\/wp\/v2\/posts\/407\/revisions\/410"}],"wp:featuredmedia":[{"embeddable":true,"href":"https:\/\/tortiricascentroamerica.com\/parrillerostr\/wp-json\/wp\/v2\/media\/409"}],"wp:attachment":[{"href":"https:\/\/tortiricascentroamerica.com\/parrillerostr\/wp-json\/wp\/v2\/media?parent=407"}],"wp:term":[{"taxonomy":"category","embeddable":true,"href":"https:\/\/tortiricascentroamerica.com\/parrillerostr\/wp-json\/wp\/v2\/categories?post=407"},{"taxonomy":"post_tag","embeddable":true,"href":"https:\/\/tortiricascentroamerica.com\/parrillerostr\/wp-json\/wp\/v2\/tags?post=407"}],"curies":[{"name":"wp","href":"https:\/\/api.w.org\/{rel}","templated":true}]}}